{"id":159,"date":"2018-06-10T12:23:28","date_gmt":"2018-06-10T10:23:28","guid":{"rendered":"http:\/\/ponurynurt.pl\/?p=159"},"modified":"2018-06-10T12:23:28","modified_gmt":"2018-06-10T10:23:28","slug":"niespodzianka-historii-o-mszy-na-szczytniaku","status":"publish","type":"post","link":"https:\/\/ponurynurt.pl\/?p=159","title":{"rendered":"Niespodzianka historii. O &#8220;Mszy na Szczytniaku&#8221;"},"content":{"rendered":"<p>Zbli\u017ca si\u0119 100 rocznica odzyskania przez pa\u0144stwo polskie niepodleg\u0142o\u015bci. Rocznica niezwykle wa\u017cna w historii Polski. Dzie\u0144 szczeg\u00f3lny, \u015awi\u0119to Narodowe 11 listopada.<br \/>\nUroczysty dzie\u0144, przez lata obchodzony by\u0142 ze szczeg\u00f3ln\u0105 opraw\u0105. Nawet w czasie wojny nie zaniedbywano \u015bwi\u0119towania w tym dniu, oczywi\u015bcie na miar\u0119 mo\u017cliwo\u015bci. W tym roku przypada te\u017c 75 rocznica uroczysto\u015bci \u015awi\u0119ta Niepodleg\u0142o\u015bci zorganizowanego w Zgrupowaniach Partyzanckich Armii Krajowej \u201ePonury\u201d w dniu 11 listopada 1943 roku.<\/p>\n<p>O tym jak przebiega\u0142y uroczysto\u015bci w Zgrupowaniach 75 lat temu wiemy zar\u00f3wno z przekaz\u00f3w tych, kt\u00f3rzy prze\u017cyli jak i z zachowanych zdj\u0119\u0107 zrobionych tego dnia przez ppor. cz. w. Feliksa Konderko \u201eJerzego\u201d.<\/p>\n<p><strong>I w tym miejscu nale\u017cy wr\u00f3ci\u0107 do dnia 11 listopada 1943 r.<\/strong><\/p>\n<p><em>Czy rzeczywi\u015bcie ju\u017c wszystko zosta\u0142o zapisane i pokazane ?<\/em><br \/>\n<em>Co wiemy o uroczystej Mszy \u015awi\u0119tej jaka mia\u0142a miejsce 11 listopada 1943 r. ?<\/p>\n<p><\/em><!--more--><\/p>\n<p>Powszechnie, na podstawie wspomnie\u0144 niekt\u00f3rych \u017co\u0142nierzy Zgrupowa\u0144 \u201ePonury\u201d ju\u017c po wojnie przyj\u0119to, \u017ce:<br \/>\nNa rozkaz Komendanta \u201ePonurego\u201d w dniu 11 listopada 1943 r. odby\u0142a si\u0119 koncentracja Zgrupowa\u0144 w rejonie G\u00f3ry \u201eSzczytniak\u201d w pa\u015bmie Jeleniowskim. W tym dniu przygotowano te\u017c uroczyst\u0105 Msz\u0119 \u015awi\u0119t\u0105 z okazji \u015awi\u0119ta Niepodleg\u0142o\u015bci.<br \/>\nPrzyj\u0119\u0142o si\u0119 m\u00f3wi\u0107, \u017ce msza zosta\u0142a odprawiona na \u201eSzczytniaku\u201d i \u017ce msz\u0119 odprawia\u0142 ks. Kapelan Zygmunt G\u0142owacki ps. \u201eJask\u00f3lski\u201d.<br \/>\nTak te\u017c m.in. w swoich wspomnieniach uj\u0105\u0142 to mjr Marian \u015awiderski ps. \u201eDzik\u201d.<\/p>\n<p><strong>Ale czy rzeczywi\u015bcie tak by\u0142o ?<\/strong><\/p>\n<p>Zajmuj\u0105c si\u0119 od jakiego\u015b ju\u017c czasu histori\u0105 Zgrupowa\u0144, a to z racji kolekcji zdj\u0119\u0107 zrobionych przez mojego wuja, ppor. cz. w. Feliksa Konderko ps. \u201dJerzy\u201d, natrafi\u0142em na zdj\u0119cie zrobione w\u0142a\u015bnie w czasie uroczystej Mszy \u015awi\u0119tej w dniu 11 listopada 1943 r. z bardzo ciekawym opisem na odwrocie odbitki.<\/p>\n<figure id=\"attachment_167\" aria-describedby=\"caption-attachment-167\" style=\"width: 7206px\" class=\"wp-caption aligncenter\"><img loading=\"lazy\" class=\"size-full wp-image-167\" src=\"http:\/\/ponurynurt.pl\/wp-content\/uploads\/2018\/06\/1.jpg\" alt=\"\" width=\"7206\" height=\"4804\" srcset=\"https:\/\/ponurynurt.pl\/wp-content\/uploads\/2018\/06\/1.jpg 7206w, https:\/\/ponurynurt.pl\/wp-content\/uploads\/2018\/06\/1-300x200.jpg 300w, https:\/\/ponurynurt.pl\/wp-content\/uploads\/2018\/06\/1-768x512.jpg 768w, https:\/\/ponurynurt.pl\/wp-content\/uploads\/2018\/06\/1-1024x683.jpg 1024w\" sizes=\"(max-width: 7206px) 100vw, 7206px\" \/><figcaption id=\"caption-attachment-167\" class=\"wp-caption-text\">Polowa msza \u015bwi\u0119ta z okazji \u015awi\u0119ta Niepodleg\u0142osci w dniu 11 listopada 1943 r.<br \/>Na pierwszym planie od lewej: W\u0142adys\u0142aw Chachaj \u201eDr Andrzej\u201d, por.\u201dPonury\u201d,<br \/>por. \u201eNurt\u201d, por. Marian Janikowski \u201eKmicic\u201d. Foto Feliks Konderko \u201eJerzy\u201d.<\/figcaption><\/figure>\n<p>Poniewa\u017c odbitka ta zosta\u0142a podarowana przez mojego wuja ju\u017c po wojnie ks. Kapelanowi Zygmuntowi G\u0142owackiemu \u201eJask\u00f3lskiemu\u201d nie mo\u017ce by\u0107 mowy o pomy\u0142ce.<\/p>\n<figure id=\"attachment_165\" aria-describedby=\"caption-attachment-165\" style=\"width: 1263px\" class=\"wp-caption aligncenter\"><img loading=\"lazy\" class=\"size-full wp-image-165\" src=\"http:\/\/ponurynurt.pl\/wp-content\/uploads\/2018\/06\/podpis.jpg\" alt=\"\" width=\"1263\" height=\"556\" srcset=\"https:\/\/ponurynurt.pl\/wp-content\/uploads\/2018\/06\/podpis.jpg 1263w, https:\/\/ponurynurt.pl\/wp-content\/uploads\/2018\/06\/podpis-300x132.jpg 300w, https:\/\/ponurynurt.pl\/wp-content\/uploads\/2018\/06\/podpis-768x338.jpg 768w, https:\/\/ponurynurt.pl\/wp-content\/uploads\/2018\/06\/podpis-1024x451.jpg 1024w\" sizes=\"(max-width: 1263px) 100vw, 1263px\" \/><figcaption id=\"caption-attachment-165\" class=\"wp-caption-text\">Notatka na odwrocie zdj\u0119cia.<\/figcaption><\/figure>\n<p><span style=\"color: #ff0000;\"><strong>Wyra\u017anie zaznaczone jest, \u017ce Msza \u015awi\u0119ta odprawiana by\u0142a przez O. Obelata<\/strong> <\/span>( niestety wuj nie pisa\u0142 gramatycznie a raczej fonetycznie \u2013 takie czasy ).<\/p>\n<p>Nale\u017cy zatem przyj\u0105\u0107, \u017ce msz\u0119 odprawia\u0142 kt\u00f3ry\u015b z oo. Misjonarzy Oblat\u00f3w Maryi Niepokalanej ze \u015aw. Krzy\u017ca.<br \/>\nId\u0105c dalej tym tropem zag\u0142\u0119bi\u0142em si\u0119 w Kronik\u0119 \u015aw. Krzy\u017ca i spisane wspomnienia powojenne oo. Oblat\u00f3w (OMI).<\/p>\n<p>I jak m\u00f3wi si\u0119 dzisiaj \u2013 bingo. W kronice znalaz\u0142em wspomnienia O. Sylwestra Graniecznego OMI, kt\u00f3ry tak opisa\u0142 swoj\u0105 dzia\u0142alno\u015b\u0107 w czasie wojny:<\/p>\n<figure id=\"attachment_160\" aria-describedby=\"caption-attachment-160\" style=\"width: 1161px\" class=\"wp-caption aligncenter\"><img loading=\"lazy\" class=\"size-full wp-image-160\" src=\"http:\/\/ponurynurt.pl\/wp-content\/uploads\/2018\/06\/sylwester-granieczny.png\" alt=\"\" width=\"1161\" height=\"775\" srcset=\"https:\/\/ponurynurt.pl\/wp-content\/uploads\/2018\/06\/sylwester-granieczny.png 1161w, https:\/\/ponurynurt.pl\/wp-content\/uploads\/2018\/06\/sylwester-granieczny-300x200.png 300w, https:\/\/ponurynurt.pl\/wp-content\/uploads\/2018\/06\/sylwester-granieczny-768x513.png 768w, https:\/\/ponurynurt.pl\/wp-content\/uploads\/2018\/06\/sylwester-granieczny-1024x684.png 1024w\" sizes=\"(max-width: 1161px) 100vw, 1161px\" \/><figcaption id=\"caption-attachment-160\" class=\"wp-caption-text\">Fragment wspomnie\u0144 o O. Sylwestrze Graniecznym OMI ze zbior\u00f3w Ojc\u00f3w Oblat\u00f3w na \u015awi\u0119tym Krzy\u017cu.\u00a0<\/figcaption><\/figure>\n<p>I teraz najciekawsze,<\/p>\n<figure id=\"attachment_161\" aria-describedby=\"caption-attachment-161\" style=\"width: 952px\" class=\"wp-caption aligncenter\"><img loading=\"lazy\" class=\"size-full wp-image-161\" src=\"http:\/\/ponurynurt.pl\/wp-content\/uploads\/2018\/06\/sg2.png\" alt=\"\" width=\"952\" height=\"664\" srcset=\"https:\/\/ponurynurt.pl\/wp-content\/uploads\/2018\/06\/sg2.png 952w, https:\/\/ponurynurt.pl\/wp-content\/uploads\/2018\/06\/sg2-300x209.png 300w, https:\/\/ponurynurt.pl\/wp-content\/uploads\/2018\/06\/sg2-768x536.png 768w\" sizes=\"(max-width: 952px) 100vw, 952px\" \/><figcaption id=\"caption-attachment-161\" class=\"wp-caption-text\">Fragment wspomnie\u0144 o O. Sylwestrze Graniecznym OMI ze zbior\u00f3w Ojc\u00f3w Oblat\u00f3w na \u015awi\u0119tym Krzy\u017cu.<\/figcaption><\/figure>\n<p>I ju\u017c prawie wszystko wiadomo. Prawie, bowiem prawdopodobnie podczas przepisywania z r\u0119kopisu na maszynopis wkrad\u0142 si\u0119 b\u0142\u0105d wynikaj\u0105cy zapewne z trudno\u015bci z odczytaniem dok\u0142adnym r\u0119kopisu, a i prawdopodobnie nieznajomo\u015bci terenu i nazw miejscowych.<\/p>\n<p>O. Sylwester Granieczny spisuj\u0105c wspomnienia i znaj\u0105c ten teren tak jak miejscowi, prawdopodobnie u\u017cy\u0142 nazwy miejscowej, do\u015b\u0107 szczeg\u00f3\u0142owo opisuj\u0105c miejsce odprawianej Mszy \u015awi\u0119tej w dniu 11 listopada 1943 r., jako <strong>G\u00f3ra Skoszy\u0144ska<\/strong>, kt\u00f3ra jest ni\u017csza i po\u0142o\u017cona nieco poni\u017cej Szczytniaka. Zarazem bardziej dost\u0119pna\u00a0 z dogodniejszym doj\u015bciem od strony Nowego Skoszyna jak i Jeleniowa w kt\u00f3rych to miejscowo\u015bciach partyzanci mieli sprawdzone zaplecze.<\/p>\n<p>G\u00f3ra Skoszy\u0144ska, tak to miejsce opisuj\u0105 ludzie miejscowi, kt\u00f3r\u0105 nieznaj\u0105cy szczeg\u00f3\u0142owo Pasma Jeleniowskiego pomijaj\u0105\u00a0 i wymieniaj\u0105 jedynie w kolejno\u015bci g\u00f3ry Kobyl\u0105, Jeleniowsk\u0105, Szczytniak i Witos\u0142awsk\u0105 pomijaj\u0105c te\u017c Chocimowsk\u0105, Weso\u0142\u00f3wk\u0119 i Truskolask\u0105.<\/p>\n<p>Trzeba r\u00f3wnie\u017c zauwa\u017cy\u0107, \u017ce G\u00f3ra Skoszy\u0144ska jest po\u0142o\u017cona do\u015b\u0107 blisko\u00a0 Nowej S\u0142upi gdzie w tym czasie O. Sylwester Granieczny by\u0142 Wikarym.<\/p>\n<p>Razem z prezesem naszego stowarzyszenia Szczepanem Mrozem, po przedyskutowaniu tematu, postanowili\u015bmy zrobi\u0107 rekonesans na G\u00f3rze Skoszy\u0144skiej i w okolicy aby upewni\u0107 si\u0119 co do s\u0142uszno\u015bci<br \/>\n<a name=\"_GoBack\"><\/a>tezy i potwierdzenia jej w terenie.<span style=\"color: #000000;\"> Rekonesans naszym zdaniem w pe\u0142ni potwierdzi\u0142, \u017ce Msza \u015awi\u0119ta 11 listopada 1943 r. mia\u0142a miejsce na G\u00f3rze Skoszy\u0144skiej.<\/span><\/p>\n<p><strong><span style=\"color: #ff0000;\">Reasumuj\u0105c, uwa\u017cam zatem \u017ce uroczysta Msza \u015awi\u0119ta odprawiana by\u0142a w dniu 11 listopada 1943 r. przez O. Sylwestra Graniecznego na G\u00f3rze Skoszy\u0144skiej na co s\u0105 wystarczaj\u0105ce dowody.<\/span><\/strong><\/p>\n<p>Dlatego te\u017c nasze Stowarzyszenie Pami\u0119ci Ponury-Nurt przygotowuje ju\u017c teraz wraz z Nadle\u015bnictwem \u0141ag\u00f3w Msz\u0119 \u015awi\u0119t\u0105 u st\u00f3p G\u00f3ry Skoszy\u0144skiej ( ze wzgl\u0119d\u00f3w organizacyjnych, dojazd itd. ).<\/p>\n<p>Planowany termin uroczysto\u015bci ( te\u017c ze wzgl\u0119d\u00f3w organizacyjnych; pogoda itp. ) to <strong>29 wrze\u015bnia br.<\/strong><\/p>\n<p>Szczeg\u00f3\u0142y ju\u017c wkr\u00f3tce.<\/p>\n<p>Gda\u0144sk, 4 czerwca 2018 r.<\/p>\n<p>Mariusz Baran-Bara\u0144ski<\/p>\n","protected":false},"excerpt":{"rendered":"<p>Zbli\u017ca si\u0119 100 rocznica odzyskania przez pa\u0144stwo polskie niepodleg\u0142o\u015bci. Rocznica niezwykle wa\u017cna w historii Polski. Dzie\u0144 szczeg\u00f3lny, \u015awi\u0119to Narodowe 11 listopada. Uroczysty dzie\u0144, przez lata obchodzony by\u0142 ze szczeg\u00f3ln\u0105 opraw\u0105. Nawet w czasie wojny nie zaniedbywano \u015bwi\u0119towania w tym dniu, oczywi\u015bcie na miar\u0119 mo\u017cliwo\u015bci. W tym roku przypada te\u017c 75 rocznica uroczysto\u015bci \u015awi\u0119ta Niepodleg\u0142o\u015bci zorganizowanego &hellip; <a href=\"https:\/\/ponurynurt.pl\/?p=159\" class=\"more-link\">Czytaj dalej <span class=\"screen-reader-text\">Niespodzianka historii. O &#8220;Mszy na Szczytniaku&#8221;<\/span><\/a><\/p>\n","protected":false},"author":1,"featured_media":0,"comment_status":"open","ping_status":"open","sticky":false,"template":"","format":"standard","meta":[],"categories":[1],"tags":[],"_links":{"self":[{"href":"https:\/\/ponurynurt.pl\/index.php?rest_route=\/wp\/v2\/posts\/159"}],"collection":[{"href":"https:\/\/ponurynurt.pl\/index.php?rest_route=\/wp\/v2\/posts"}],"about":[{"href":"https:\/\/ponurynurt.pl\/index.php?rest_route=\/wp\/v2\/types\/post"}],"author":[{"embeddable":true,"href":"https:\/\/ponurynurt.pl\/index.php?rest_route=\/wp\/v2\/users\/1"}],"replies":[{"embeddable":true,"href":"https:\/\/ponurynurt.pl\/index.php?rest_route=%2Fwp%2Fv2%2Fcomments&post=159"}],"version-history":[{"count":1,"href":"https:\/\/ponurynurt.pl\/index.php?rest_route=\/wp\/v2\/posts\/159\/revisions"}],"predecessor-version":[{"id":168,"href":"https:\/\/ponurynurt.pl\/index.php?rest_route=\/wp\/v2\/posts\/159\/revisions\/168"}],"wp:attachment":[{"href":"https:\/\/ponurynurt.pl\/index.php?rest_route=%2Fwp%2Fv2%2Fmedia&parent=159"}],"wp:term":[{"taxonomy":"category","embeddable":true,"href":"https:\/\/ponurynurt.pl\/index.php?rest_route=%2Fwp%2Fv2%2Fcategories&post=159"},{"taxonomy":"post_tag","embeddable":true,"href":"https:\/\/ponurynurt.pl\/index.php?rest_route=%2Fwp%2Fv2%2Ftags&post=159"}],"curies":[{"name":"wp","href":"https:\/\/api.w.org\/{rel}","templated":true}]}}