{"id":115,"date":"2018-02-28T10:01:50","date_gmt":"2018-02-28T09:01:50","guid":{"rendered":"http:\/\/ponurynurt.pl\/?p=115"},"modified":"2018-02-28T10:05:37","modified_gmt":"2018-02-28T09:05:37","slug":"rajd-pamieci-odwiedzenie-grobu-leszka-bialego-leszka-zahorskiego-pod-patronatem-stowarzyszenia-pamieci-ponury-nurt","status":"publish","type":"post","link":"https:\/\/ponurynurt.pl\/?p=115","title":{"rendered":"Zaproszenie na Rajd Pami\u0119ci &#8211; Odwiedzenie grobu &#8220;Leszka Bia\u0142ego&#8221; Leszka Zahorskiego, pod patronatem Stowarzyszenia Pami\u0119ci &#8220;Ponury-Nurt&#8221;"},"content":{"rendered":"<p><img loading=\"lazy\" class=\"size-medium wp-image-112 alignleft\" src=\"http:\/\/ponurynurt.pl\/wp-content\/uploads\/2018\/02\/raj-pamieci-199x300.jpg\" alt=\"\" width=\"199\" height=\"300\" srcset=\"https:\/\/ponurynurt.pl\/wp-content\/uploads\/2018\/02\/raj-pamieci-199x300.jpg 199w, https:\/\/ponurynurt.pl\/wp-content\/uploads\/2018\/02\/raj-pamieci.jpg 638w\" sizes=\"(max-width: 199px) 100vw, 199px\" \/>Tak, jak w ostatnich latach, tak i w tym roku chcemy z okazji Narodowego Dnia Pami\u0119ci \u017bo\u0142nierzy Wykl\u0119tych zorganizowa\u0107 Rajd Pami\u0119ci i odwiedzi\u0107 groby Wykl\u0119tych walcz\u0105cych u &#8220;Ponurego&#8221; i &#8220;Nurta&#8221;. W tym roku Rajd odb\u0119dzie si\u0119 10 marca. Zaczyna tradycyjnie od Radomia i grobu &#8220;\u015awistaka&#8221;, p\u00f3\u017aniej przejazd do Warszawy na gr\u00f3b &#8220;Leszka Bia\u0142ego&#8221; i na koniec kilkugodzinny spacer po Pow\u0105zkach, gdzie jest sporo kwater, gdzie spoczywaj\u0105 \u017bo\u0142nierze Zgrupowa\u0144. Koszt takiego przedsi\u0119wzi\u0119cia <span class=\"text_exposed_show\">nie jest ma\u0142y, cz\u0119\u015bciowo pokrywany jest ze sk\u0142adek cz\u0142onkowskich, cz\u0119\u015bciowo z datk\u00f3w. Je\u015bli kto\u015b z sympatyk\u00f3w naszego Stowarzyszenia chcia\u0142by wspom\u00f3c nasz\u0105 inicjatyw\u0119, to byliby\u015bmy zobowi\u0105zani. Ka\u017cda z\u0142ot\u00f3wka to nasz ho\u0142d dla Tych, kt\u00f3rzy stan\u0119li do walki o wolno\u015b\u0107 Polski i wzorowo zdali sw\u00f3j patriotyczny egzamin.<br \/>\nEwentualne wp\u0142aty prosz\u0119 przekazywa\u0107 na konto w Alior Banku:<br \/>\nMariusz Gruszczy\u0144ski<br \/>\nnr: 03 2490 0005 0000 4000 5634 8548<br \/>\nz dopiskiem &#8220;Na Rajd Pami\u0119ci&#8221;<br \/>\nPo Rajdzie dokonamy szczeg\u00f3\u0142owego rozliczenia wp\u0142at i poniesionych koszt\u00f3w. Z g\u00f3ry dzi\u0119kujemy za wsparcie.<br \/>\n<\/span><\/p>\n<p><span class=\"text_exposed_show\">Organizator Mariusz Gruszczy\u0144ski, <\/span><a class=\"_64-f\" href=\"https:\/\/www.facebook.com\/marszpamieciimleszkabialego\/\"><em>Marsz Pami\u0119ci Wok\u00f3\u0142 Wykusu im. kpt. Leszka Zahorskiego &#8220;Leszka Bia\u0142ego&#8221;<\/em><\/a><\/p>\n","protected":false},"excerpt":{"rendered":"<p>Tak, jak w ostatnich latach, tak i w tym roku chcemy z okazji Narodowego Dnia Pami\u0119ci \u017bo\u0142nierzy Wykl\u0119tych zorganizowa\u0107 Rajd Pami\u0119ci i odwiedzi\u0107 groby Wykl\u0119tych walcz\u0105cych u &#8220;Ponurego&#8221; i &#8220;Nurta&#8221;. W tym roku Rajd odb\u0119dzie si\u0119 10 marca. Zaczyna tradycyjnie od Radomia i grobu &#8220;\u015awistaka&#8221;, p\u00f3\u017aniej przejazd do Warszawy na gr\u00f3b &#8220;Leszka Bia\u0142ego&#8221; i na &hellip; <a href=\"https:\/\/ponurynurt.pl\/?p=115\" class=\"more-link\">Czytaj dalej <span class=\"screen-reader-text\">Zaproszenie na Rajd Pami\u0119ci &#8211; Odwiedzenie grobu &#8220;Leszka Bia\u0142ego&#8221; Leszka Zahorskiego, pod patronatem Stowarzyszenia Pami\u0119ci &#8220;Ponury-Nurt&#8221;<\/span><\/a><\/p>\n","protected":false},"author":1,"featured_media":0,"comment_status":"open","ping_status":"open","sticky":false,"template":"","format":"standard","meta":[],"categories":[1],"tags":[],"_links":{"self":[{"href":"https:\/\/ponurynurt.pl\/index.php?rest_route=\/wp\/v2\/posts\/115"}],"collection":[{"href":"https:\/\/ponurynurt.pl\/index.php?rest_route=\/wp\/v2\/posts"}],"about":[{"href":"https:\/\/ponurynurt.pl\/index.php?rest_route=\/wp\/v2\/types\/post"}],"author":[{"embeddable":true,"href":"https:\/\/ponurynurt.pl\/index.php?rest_route=\/wp\/v2\/users\/1"}],"replies":[{"embeddable":true,"href":"https:\/\/ponurynurt.pl\/index.php?rest_route=%2Fwp%2Fv2%2Fcomments&post=115"}],"version-history":[{"count":2,"href":"https:\/\/ponurynurt.pl\/index.php?rest_route=\/wp\/v2\/posts\/115\/revisions"}],"predecessor-version":[{"id":117,"href":"https:\/\/ponurynurt.pl\/index.php?rest_route=\/wp\/v2\/posts\/115\/revisions\/117"}],"wp:attachment":[{"href":"https:\/\/ponurynurt.pl\/index.php?rest_route=%2Fwp%2Fv2%2Fmedia&parent=115"}],"wp:term":[{"taxonomy":"category","embeddable":true,"href":"https:\/\/ponurynurt.pl\/index.php?rest_route=%2Fwp%2Fv2%2Fcategories&post=115"},{"taxonomy":"post_tag","embeddable":true,"href":"https:\/\/ponurynurt.pl\/index.php?rest_route=%2Fwp%2Fv2%2Ftags&post=115"}],"curies":[{"name":"wp","href":"https:\/\/api.w.org\/{rel}","templated":true}]}}